{"id":2388,"date":"2024-07-09T10:08:00","date_gmt":"2024-07-09T16:08:00","guid":{"rendered":"https:\/\/huatusconoticias.com\/portal\/?p=2388"},"modified":"2024-08-01T10:09:54","modified_gmt":"2024-08-01T16:09:54","slug":"sesion-solemne-por-200-anos-del-poder-legislativo-se-realizara-el-25-de-julio","status":"publish","type":"post","link":"https:\/\/huatusconoticias.com\/portal\/sesion-solemne-por-200-anos-del-poder-legislativo-se-realizara-el-25-de-julio\/","title":{"rendered":"Sesi\u00f3n solemne por 200 a\u00f1os del Poder Legislativo se realizar\u00e1 el 25 de julio"},"content":{"rendered":"\n<h2 class=\"wp-block-heading\">Por Acuerdo de la Junta de Coordinaci\u00f3n Pol\u00edtica (Jucopo) fue modificada la fecha para la celebraci\u00f3n de la sesi\u00f3n solemne con motivo de los 200 a\u00f1os del Poder Legislativo del estado de Veracruz, debido a que por razones ajenas a esta Soberan\u00eda no ser\u00e1 posible ocupar el fuerte de San Juan de Ul\u00faa el d\u00eda 11 de julio.<\/h2>\n\n\n\n<p>Por consiguiente, se acord\u00f3 realizar la sesi\u00f3n conmemorativa el jueves 25 de julio a las 17:30 horas, en el citado fuerte.&nbsp;<\/p>\n","protected":false},"excerpt":{"rendered":"<p>Por Acuerdo de la Junta de Coordinaci\u00f3n Pol\u00edtica (Jucopo) fue modificada la fecha para la celebraci\u00f3n de la sesi\u00f3n solemne con motivo de los 200 a\u00f1os del Poder Legislativo del estado de Veracruz, debido a que por razones ajenas a esta Soberan\u00eda no ser\u00e1 posible ocupar el fuerte de San Juan de Ul\u00faa el d\u00eda [&hellip;]<\/p>\n","protected":false},"author":3,"featured_media":2389,"comment_status":"open","ping_status":"open","sticky":false,"template":"","format":"standard","meta":{"om_disable_all_campaigns":false,"_monsterinsights_skip_tracking":false,"_monsterinsights_sitenote_active":false,"_monsterinsights_sitenote_note":"","_monsterinsights_sitenote_category":0,"footnotes":""},"categories":[23,20],"tags":[36,30,28],"class_list":{"0":"post-2388","1":"post","2":"type-post","3":"status-publish","4":"format-standard","5":"has-post-thumbnail","7":"category-destacada","8":"category-estatal","9":"tag-congreso","10":"tag-estatal","11":"tag-xalapa"},"aioseo_notices":[],"_links":{"self":[{"href":"https:\/\/huatusconoticias.com\/portal\/wp-json\/wp\/v2\/posts\/2388","targetHints":{"allow":["GET"]}}],"collection":[{"href":"https:\/\/huatusconoticias.com\/portal\/wp-json\/wp\/v2\/posts"}],"about":[{"href":"https:\/\/huatusconoticias.com\/portal\/wp-json\/wp\/v2\/types\/post"}],"author":[{"embeddable":true,"href":"https:\/\/huatusconoticias.com\/portal\/wp-json\/wp\/v2\/users\/3"}],"replies":[{"embeddable":true,"href":"https:\/\/huatusconoticias.com\/portal\/wp-json\/wp\/v2\/comments?post=2388"}],"version-history":[{"count":1,"href":"https:\/\/huatusconoticias.com\/portal\/wp-json\/wp\/v2\/posts\/2388\/revisions"}],"predecessor-version":[{"id":2390,"href":"https:\/\/huatusconoticias.com\/portal\/wp-json\/wp\/v2\/posts\/2388\/revisions\/2390"}],"wp:featuredmedia":[{"embeddable":true,"href":"https:\/\/huatusconoticias.com\/portal\/wp-json\/wp\/v2\/media\/2389"}],"wp:attachment":[{"href":"https:\/\/huatusconoticias.com\/portal\/wp-json\/wp\/v2\/media?parent=2388"}],"wp:term":[{"taxonomy":"category","embeddable":true,"href":"https:\/\/huatusconoticias.com\/portal\/wp-json\/wp\/v2\/categories?post=2388"},{"taxonomy":"post_tag","embeddable":true,"href":"https:\/\/huatusconoticias.com\/portal\/wp-json\/wp\/v2\/tags?post=2388"}],"curies":[{"name":"wp","href":"https:\/\/api.w.org\/{rel}","templated":true}]}}