{"id":2391,"date":"2024-07-09T10:12:00","date_gmt":"2024-07-09T16:12:00","guid":{"rendered":"https:\/\/huatusconoticias.com\/portal\/?p=2391"},"modified":"2024-08-01T10:13:13","modified_gmt":"2024-08-01T16:13:13","slug":"rinde-lxvi-legislatura-homenaje-al-diputado-fernando-arteaga","status":"publish","type":"post","link":"https:\/\/huatusconoticias.com\/portal\/rinde-lxvi-legislatura-homenaje-al-diputado-fernando-arteaga\/","title":{"rendered":"Rinde LXVI Legislatura homenaje al diputado Fernando Arteaga"},"content":{"rendered":"\n<h2 class=\"wp-block-heading\">\u2022 Diputadas y diputados guardan un minuto de silencio, en memoria del legislador.<\/h2>\n\n\n\n<p>Durante la s\u00e9ptima sesi\u00f3n ordinaria y a propuesta de la presidenta de la Mesa Directiva, diputada Adriana Esther Mart\u00ednez S\u00e1nchez, diputadas, diputados y p\u00fablico asistente guardaron un minuto de silencio en memoria del diputado propietario del Distrito XIV, Veracruz, Fernando Arteaga Aponte, fallecido el pasado 4 de julio.<\/p>\n\n\n\n<p>En nombre de la LXVI Legislatura del estado de Veracruz, la diputada Adriana Esther Mart\u00ednez S\u00e1nchez expres\u00f3 las condolencias a los familiares y amistades del diputado Fernando Arteaga Aponte: \u201cHa sido un honor haber podido compartir trabajos y resultados con un legislador que permanentemente supo hacer valer la voz del pueblo que representaba\u201d.<\/p>\n\n\n\n<p>Asimismo, lo describi\u00f3 como un ser humano ejemplar, generoso y entregado a las m\u00e1s sentidas causas de la poblaci\u00f3n. \u201cNuestro recuerdo ser\u00e1 siempre con todo el cari\u00f1o, respeto y profunda admiraci\u00f3n\u201d, expres\u00f3 la Diputada.<\/p>\n\n\n\n<p>Posteriormente, fue proyectado en el Recinto un material audiovisual con las im\u00e1genes del legislador y algunas de sus intervenciones y acciones en la LXVI Legislatura.<\/p>\n\n\n\n<p>Descanse en&nbsp;paz.<\/p>\n","protected":false},"excerpt":{"rendered":"<p>\u2022 Diputadas y diputados guardan un minuto de silencio, en memoria del legislador. Durante la s\u00e9ptima sesi\u00f3n ordinaria y a propuesta de la presidenta de la Mesa Directiva, diputada Adriana Esther Mart\u00ednez S\u00e1nchez, diputadas, diputados y p\u00fablico asistente guardaron un minuto de silencio en memoria del diputado propietario del Distrito XIV, Veracruz, Fernando Arteaga Aponte, [&hellip;]<\/p>\n","protected":false},"author":3,"featured_media":2392,"comment_status":"open","ping_status":"open","sticky":false,"template":"","format":"standard","meta":{"om_disable_all_campaigns":false,"_monsterinsights_skip_tracking":false,"_monsterinsights_sitenote_active":false,"_monsterinsights_sitenote_note":"","_monsterinsights_sitenote_category":0,"footnotes":""},"categories":[23,20],"tags":[36,30,28],"class_list":{"0":"post-2391","1":"post","2":"type-post","3":"status-publish","4":"format-standard","5":"has-post-thumbnail","7":"category-destacada","8":"category-estatal","9":"tag-congreso","10":"tag-estatal","11":"tag-xalapa"},"aioseo_notices":[],"_links":{"self":[{"href":"https:\/\/huatusconoticias.com\/portal\/wp-json\/wp\/v2\/posts\/2391","targetHints":{"allow":["GET"]}}],"collection":[{"href":"https:\/\/huatusconoticias.com\/portal\/wp-json\/wp\/v2\/posts"}],"about":[{"href":"https:\/\/huatusconoticias.com\/portal\/wp-json\/wp\/v2\/types\/post"}],"author":[{"embeddable":true,"href":"https:\/\/huatusconoticias.com\/portal\/wp-json\/wp\/v2\/users\/3"}],"replies":[{"embeddable":true,"href":"https:\/\/huatusconoticias.com\/portal\/wp-json\/wp\/v2\/comments?post=2391"}],"version-history":[{"count":1,"href":"https:\/\/huatusconoticias.com\/portal\/wp-json\/wp\/v2\/posts\/2391\/revisions"}],"predecessor-version":[{"id":2393,"href":"https:\/\/huatusconoticias.com\/portal\/wp-json\/wp\/v2\/posts\/2391\/revisions\/2393"}],"wp:featuredmedia":[{"embeddable":true,"href":"https:\/\/huatusconoticias.com\/portal\/wp-json\/wp\/v2\/media\/2392"}],"wp:attachment":[{"href":"https:\/\/huatusconoticias.com\/portal\/wp-json\/wp\/v2\/media?parent=2391"}],"wp:term":[{"taxonomy":"category","embeddable":true,"href":"https:\/\/huatusconoticias.com\/portal\/wp-json\/wp\/v2\/categories?post=2391"},{"taxonomy":"post_tag","embeddable":true,"href":"https:\/\/huatusconoticias.com\/portal\/wp-json\/wp\/v2\/tags?post=2391"}],"curies":[{"name":"wp","href":"https:\/\/api.w.org\/{rel}","templated":true}]}}