{"id":2681,"date":"2024-09-26T21:06:40","date_gmt":"2024-09-27T03:06:40","guid":{"rendered":"https:\/\/huatusconoticias.com\/portal\/?p=2681"},"modified":"2024-09-26T21:06:42","modified_gmt":"2024-09-27T03:06:42","slug":"adriana-davila-unica-opcion-para-cambio-que-urge-al-interior-del-pan-nora-lagunes","status":"publish","type":"post","link":"https:\/\/huatusconoticias.com\/portal\/adriana-davila-unica-opcion-para-cambio-que-urge-al-interior-del-pan-nora-lagunes\/","title":{"rendered":"Adriana D\u00e1vila, \u00fanica opci\u00f3n para cambio que urge al interior del PAN: Nora Lagunes\u00a0"},"content":{"rendered":"\n<h2 class=\"wp-block-heading\">\u2022\u2060 \u2060Desde Veracruz y en el arranque de la campa\u00f1a interna, fij\u00f3 apostura en apoyo al \u00fanico proyecto que busca regresarle el valor a los militantes del PAN<\/h2>\n\n\n\n<p>\u00a0Esta elecci\u00f3n para renovar el CEN del PAN es crucial ante los desaf\u00edos sin precedentes que enfrentamos en la historia pol\u00edtica de M\u00e9xico<br>\u00a0<br>La diputada local panista Nora Lagunes asegur\u00f3 que la nueva dirigencia del Partido Acci\u00f3n Nacional (PAN) debe ser capaz de unir a todos los panistas, alej\u00e1ndose de arreglos y de intereses facciosos, y enfoc\u00e1ndose en recuperar la confianza de la gente y la competitividad en la vida pol\u00edtica.<br>\u00a0<br>En el arranque oficial de las campa\u00f1as para la renovaci\u00f3n del PAN, la legisladora reconoci\u00f3 el liderazgo de Adriana D\u00e1vila para llegar a la dirigencia del Comit\u00e9 Ejecutivo Nacional de Acci\u00f3n Nacional, esto en un momento crucial para el pa\u00eds, ya que enfrenta desaf\u00edos sin precedentes en la historia pol\u00edtica.<br>\u00a0<br>\u201cAdriana D\u00e1vila y quienes la acompa\u00f1amos entendemos que el partido ha perdido capacidades fundamentales y que nuestra imagen y credibilidad se han visto afectadas. Por eso, este mensaje es vital: es momento de rectificar el rumbo\u201d.<br>\u00a0<br>La democracia interna es esencial, y para ello se necesita a militantes aut\u00e9nticos y comprometidos, esta f\u00f3rmula busca volver a los militantes los protagonistas del cambio a trav\u00e9s de la integraci\u00f3n activa en las estrategias y decisiones. Reconstruir, rectificar y reemprender la hist\u00f3rica lucha por los contrapesos, la divisi\u00f3n de poderes, la verdadera oposici\u00f3n al autoritarismo y la democracia se lograr\u00e1 s\u00f3lo de la mano de la militancia panista.<br>\u00a0<br>Asegur\u00f3 que no hay tiempo que perder, la lucha por rescatar al partido es tambi\u00e9n la lucha por rescatar a M\u00e9xico, Rodriguez Prats se dijo convencido de que, con el liderazgo de Adriana D\u00e1vila y el trabajo conjunto de los integrantes de su f\u00f3rmula, garantizar\u00e1n un partido fuerte y unido para enfrentar los retos de la naci\u00f3n.<br>\u00a0<br>Por \u00faltimo, apunt\u00f3 \u201cjunto al empoderamiento de nuestros militantes, el dec\u00e1logo de propuestas, son un plan de acci\u00f3n que todos debemos asumir con responsabilidad y compromiso; hoy, m\u00e1s que nunca, el PAN necesita de cada uno de nosotros, los verdaderos militantes\u201d.<br>\u00a0<br>Nora Lagunes es la \u00fanica militante veracruzana que integra una planilla en este proceso, por lo que junto con sus dem\u00e1s compa\u00f1eros de f\u00f3rmula hicieron un posicionamiento p\u00fablico; el, ex-senador de la Rep\u00fablica Juan Jos\u00e9 Rodr\u00edguez Prats, destacado militante panista y af\u00edn a la visi\u00f3n de Adriana D\u00e1vila, ofreci\u00f3 una declaraci\u00f3n en el puerto de Veracruz para hablar de las propuestas de renovaci\u00f3n para el partido, acompa\u00f1ado de Mayra Cort\u00e9s, candidata a la Comisi\u00f3n Permanente del\u00a0PAN\u00a0Nacional.<\/p>\n","protected":false},"excerpt":{"rendered":"<p>\u2022\u2060 \u2060Desde Veracruz y en el arranque de la campa\u00f1a interna, fij\u00f3 apostura en apoyo al \u00fanico proyecto que busca regresarle el valor a los militantes del PAN \u00a0Esta elecci\u00f3n para renovar el CEN del PAN es crucial ante los desaf\u00edos sin precedentes que enfrentamos en la historia pol\u00edtica de M\u00e9xico\u00a0La diputada local panista Nora [&hellip;]<\/p>\n","protected":false},"author":3,"featured_media":2682,"comment_status":"open","ping_status":"open","sticky":false,"template":"","format":"standard","meta":{"om_disable_all_campaigns":false,"_monsterinsights_skip_tracking":false,"_monsterinsights_sitenote_active":false,"_monsterinsights_sitenote_note":"","_monsterinsights_sitenote_category":0,"footnotes":""},"categories":[23,20],"tags":[380,30,119,28],"class_list":{"0":"post-2681","1":"post","2":"type-post","3":"status-publish","4":"format-standard","5":"has-post-thumbnail","7":"category-destacada","8":"category-estatal","9":"tag-adriana-davila","10":"tag-estatal","11":"tag-nora-lagunes","12":"tag-xalapa"},"aioseo_notices":[],"_links":{"self":[{"href":"https:\/\/huatusconoticias.com\/portal\/wp-json\/wp\/v2\/posts\/2681","targetHints":{"allow":["GET"]}}],"collection":[{"href":"https:\/\/huatusconoticias.com\/portal\/wp-json\/wp\/v2\/posts"}],"about":[{"href":"https:\/\/huatusconoticias.com\/portal\/wp-json\/wp\/v2\/types\/post"}],"author":[{"embeddable":true,"href":"https:\/\/huatusconoticias.com\/portal\/wp-json\/wp\/v2\/users\/3"}],"replies":[{"embeddable":true,"href":"https:\/\/huatusconoticias.com\/portal\/wp-json\/wp\/v2\/comments?post=2681"}],"version-history":[{"count":1,"href":"https:\/\/huatusconoticias.com\/portal\/wp-json\/wp\/v2\/posts\/2681\/revisions"}],"predecessor-version":[{"id":2683,"href":"https:\/\/huatusconoticias.com\/portal\/wp-json\/wp\/v2\/posts\/2681\/revisions\/2683"}],"wp:featuredmedia":[{"embeddable":true,"href":"https:\/\/huatusconoticias.com\/portal\/wp-json\/wp\/v2\/media\/2682"}],"wp:attachment":[{"href":"https:\/\/huatusconoticias.com\/portal\/wp-json\/wp\/v2\/media?parent=2681"}],"wp:term":[{"taxonomy":"category","embeddable":true,"href":"https:\/\/huatusconoticias.com\/portal\/wp-json\/wp\/v2\/categories?post=2681"},{"taxonomy":"post_tag","embeddable":true,"href":"https:\/\/huatusconoticias.com\/portal\/wp-json\/wp\/v2\/tags?post=2681"}],"curies":[{"name":"wp","href":"https:\/\/api.w.org\/{rel}","templated":true}]}}