{"id":2693,"date":"2024-09-29T18:10:31","date_gmt":"2024-09-30T00:10:31","guid":{"rendered":"https:\/\/huatusconoticias.com\/portal\/?p=2693"},"modified":"2024-09-29T18:12:34","modified_gmt":"2024-09-30T00:12:34","slug":"confirma-inah-vestigios-de-ciudad-amurallada-durante-remodelacion-en-centro-historico-de-veracruz","status":"publish","type":"post","link":"https:\/\/huatusconoticias.com\/portal\/confirma-inah-vestigios-de-ciudad-amurallada-durante-remodelacion-en-centro-historico-de-veracruz\/","title":{"rendered":"Confirma INAH vestigios de ciudad amurallada durante remodelaci\u00f3n en Centro Hist\u00f3rico de Veracruz"},"content":{"rendered":"\n<p>Escrito por Alejandro \u00c1vila<\/p>\n\n\n\n<h2 class=\"wp-block-heading\">Veracruz, Ver.-El Instituto Nacional de Antropolog\u00eda e Historia (INAH), confirm\u00f3 a trav\u00e9s de un comunicado que el fragmento que se encontr\u00f3 durante las obras de construcci\u00f3n de la Plaza al Hero\u00edsmo Veracruzano forma parte de la muralla que proteg\u00eda a la ciudad en la \u00e9poca colonial de los ataques de piratas.<\/h2>\n\n\n\n<p>En el comunicado se explica que los sillares de piedra m\u00facara, labrados en espiga, que se aprecian en el vestigio hist\u00f3rico, coinciden con las caracter\u00edsticas del extinto muro reportadas en las fuentes hist\u00f3ricas, entre ellas un plano, elaborado en 1804, por el ingeniero Miguel Costanz\u00f3, actualmente bajo resguardo del Archivo General de la Naci\u00f3n, el cual pormenoriza el proceso constructivo del tramo de la fortificaci\u00f3n, cuya cara daba al mar.<\/p>\n\n\n\n<p>De acuerdo con los especialistas en arqueolog\u00eda del Centro INAH Veracruz, el fragmento de muralla se ubic\u00f3 en el l\u00edmite de la calle Landero y Coss, con el espacio que ocupar\u00e1 dicha explanada p\u00fablica.<\/p>\n\n\n\n<p>Otra inferencia hecha a partir de los an\u00e1lisis arqueol\u00f3gicos, es que el muro contin\u00faa en direcci\u00f3n al noroeste, hacia el \u00e1rea que actualmente ocupa la Tercera Secci\u00f3n Naval, antes la Aduana Mar\u00edtima.<\/p>\n\n\n\n<p>El INAH informa que actualmente trabaja para desmontar y embalar el fragmento de la muralla que fue hallada en la zona contigua al malec\u00f3n de Veracruz, con la finalidad de resguardar la pieza y permitir la continuidad de los trabajos de construcci\u00f3n del drenaje pluvial en la Plaza al Hero\u00edsmo Veracruzano.<\/p>\n\n\n\n<p>Una vez que concluyan los trabajos de conexi\u00f3n del colector pluvial en el lugar, se volver\u00e1 a montar la pieza en el sitio.<\/p>\n\n\n\n<p>La Coordinaci\u00f3n Nacional de Monumentos Hist\u00f3ricos del INAH est\u00e1 al tanto del hallazgo y trabaja en colaboraci\u00f3n con la Asipona Veracruz y un equipo de especialistas en restauraci\u00f3n, en la elaboraci\u00f3n de un proyecto para recuperar y poner en valor el tramo que a\u00fan se encuentra cubierto.<\/p>\n\n\n\n<p>En cuanto se tenga el proyecto de restauraci\u00f3n, este se dar\u00e1 a conocer a la opini\u00f3n p\u00fablica de manera oportuna, a trav\u00e9s de los medios oficiales&nbsp;del&nbsp;INAH.<\/p>\n","protected":false},"excerpt":{"rendered":"<p>Escrito por Alejandro \u00c1vila Veracruz, Ver.-El Instituto Nacional de Antropolog\u00eda e Historia (INAH), confirm\u00f3 a trav\u00e9s de un comunicado que el fragmento que se encontr\u00f3 durante las obras de construcci\u00f3n de la Plaza al Hero\u00edsmo Veracruzano forma parte de la muralla que proteg\u00eda a la ciudad en la \u00e9poca colonial de los ataques de piratas. [&hellip;]<\/p>\n","protected":false},"author":3,"featured_media":2694,"comment_status":"open","ping_status":"open","sticky":false,"template":"","format":"standard","meta":{"om_disable_all_campaigns":false,"_monsterinsights_skip_tracking":false,"_monsterinsights_sitenote_active":false,"_monsterinsights_sitenote_note":"","_monsterinsights_sitenote_category":0,"footnotes":""},"categories":[23,20],"tags":[47,381,28],"class_list":{"0":"post-2693","1":"post","2":"type-post","3":"status-publish","4":"format-standard","5":"has-post-thumbnail","7":"category-destacada","8":"category-estatal","9":"tag-veracruz","10":"tag-vestigios","11":"tag-xalapa"},"aioseo_notices":[],"_links":{"self":[{"href":"https:\/\/huatusconoticias.com\/portal\/wp-json\/wp\/v2\/posts\/2693","targetHints":{"allow":["GET"]}}],"collection":[{"href":"https:\/\/huatusconoticias.com\/portal\/wp-json\/wp\/v2\/posts"}],"about":[{"href":"https:\/\/huatusconoticias.com\/portal\/wp-json\/wp\/v2\/types\/post"}],"author":[{"embeddable":true,"href":"https:\/\/huatusconoticias.com\/portal\/wp-json\/wp\/v2\/users\/3"}],"replies":[{"embeddable":true,"href":"https:\/\/huatusconoticias.com\/portal\/wp-json\/wp\/v2\/comments?post=2693"}],"version-history":[{"count":1,"href":"https:\/\/huatusconoticias.com\/portal\/wp-json\/wp\/v2\/posts\/2693\/revisions"}],"predecessor-version":[{"id":2695,"href":"https:\/\/huatusconoticias.com\/portal\/wp-json\/wp\/v2\/posts\/2693\/revisions\/2695"}],"wp:featuredmedia":[{"embeddable":true,"href":"https:\/\/huatusconoticias.com\/portal\/wp-json\/wp\/v2\/media\/2694"}],"wp:attachment":[{"href":"https:\/\/huatusconoticias.com\/portal\/wp-json\/wp\/v2\/media?parent=2693"}],"wp:term":[{"taxonomy":"category","embeddable":true,"href":"https:\/\/huatusconoticias.com\/portal\/wp-json\/wp\/v2\/categories?post=2693"},{"taxonomy":"post_tag","embeddable":true,"href":"https:\/\/huatusconoticias.com\/portal\/wp-json\/wp\/v2\/tags?post=2693"}],"curies":[{"name":"wp","href":"https:\/\/api.w.org\/{rel}","templated":true}]}}