{"id":4130,"date":"2025-04-21T16:50:16","date_gmt":"2025-04-21T22:50:16","guid":{"rendered":"https:\/\/huatusconoticias.com\/portal\/?p=4130"},"modified":"2025-04-21T16:50:18","modified_gmt":"2025-04-21T22:50:18","slug":"conmemora-congreso-la-gesta-heroica-de-la-defensa-del-puerto-de-veracruz","status":"publish","type":"post","link":"https:\/\/huatusconoticias.com\/portal\/conmemora-congreso-la-gesta-heroica-de-la-defensa-del-puerto-de-veracruz\/","title":{"rendered":"Conmemora Congreso la gesta heroica de la defensa del puerto de Veracruz"},"content":{"rendered":"\n<p><strong>\u2022 El 21 de abril de 1914, militares y poblaci\u00f3n se unieron con valent\u00eda para enfrentar a la invasi\u00f3n norteamericana<\/strong><\/p>\n\n\n\n<h2 class=\"wp-block-heading\">Xalapa, Ver., 21 de abril de 2025.- En la explanada del Palacio Legislativo y con un acto c\u00edvico, autoridades de la LXVII Legislatura conmemoraron el CXI aniversario de la gesta heroica de la defensa del puerto de Veracruz.<\/h2>\n\n\n\n<p>En el uso de la voz, el titular de la Secretar\u00eda de Servicios Legislativos, Sebasti\u00e1n Clemente Morales, expres\u00f3 que la defensa de la patria es para las y los mexicanos un deber permanente, ineludible y supremo. \u201cLa soberan\u00eda, la paz y el bienestar de nuestro pueblo son nuestra causa y raz\u00f3n de ser\u201d, a\u00f1adi\u00f3.<\/p>\n\n\n\n<p>Ante la presencia del diputado Jos\u00e9 Reveriano Mar\u00edn Hern\u00e1ndez y de la diputada Roxana Barrag\u00e1n Hern\u00e1ndez, el funcionario dijo que el legado de los cadetes, marinos y poblaci\u00f3n que participaron aquel 21 de abril vivir\u00e1 en la memoria de todas y todos los mexicanos y que su ejemplo inspira a continuar la lucha por una sociedad m\u00e1s justa, incluyente y libre.<\/p>\n\n\n\n<p>Previamente y tras los honores al l\u00e1baro patrio, el secretario record\u00f3 que el 21 de abril de 1914 los cadetes de la Escuela Naval Militar y el pueblo veracruzano se unieron en contra de la intervenci\u00f3n norteamericana y que, con valent\u00eda y determinaci\u00f3n, defendieron su tierra y pueblo.<\/p>\n\n\n\n<figure class=\"wp-block-image size-large\"><img fetchpriority=\"high\" decoding=\"async\" width=\"1024\" height=\"684\" src=\"https:\/\/huatusconoticias.com\/portal\/wp-content\/uploads\/2025\/04\/Imagen-de-WhatsApp-2025-04-21-a-las-14.36.54_41c68109-1024x684.jpg\" alt=\"\" class=\"wp-image-4134\" srcset=\"https:\/\/huatusconoticias.com\/portal\/wp-content\/uploads\/2025\/04\/Imagen-de-WhatsApp-2025-04-21-a-las-14.36.54_41c68109-1024x684.jpg 1024w, https:\/\/huatusconoticias.com\/portal\/wp-content\/uploads\/2025\/04\/Imagen-de-WhatsApp-2025-04-21-a-las-14.36.54_41c68109-300x200.jpg 300w, https:\/\/huatusconoticias.com\/portal\/wp-content\/uploads\/2025\/04\/Imagen-de-WhatsApp-2025-04-21-a-las-14.36.54_41c68109-768x513.jpg 768w, https:\/\/huatusconoticias.com\/portal\/wp-content\/uploads\/2025\/04\/Imagen-de-WhatsApp-2025-04-21-a-las-14.36.54_41c68109.jpg 1600w\" sizes=\"(max-width: 1024px) 100vw, 1024px\" \/><\/figure>\n\n\n\n<p>Agreg\u00f3 que, en esa fecha, los veracruzanos fueron sorprendidos por la infanter\u00eda de la marina estadunidense que buscaba apoderarse de un cargamento de artiller\u00eda que servir\u00eda para enfrentar a los invasores, \u201csin embargo, civiles y militares ejemplares defendieron heroicamente la soberan\u00eda nacional\u201d.<\/p>\n\n\n\n<p>Asimismo, record\u00f3 al teniente Jos\u00e9 Azueta Abad y al cadete Virgilio Uribe Robles, quienes con valor tomaron las armas para defender a la patria, ofreciendo una valiente resistencia, \u201cmotivo por el cual nuestra emblem\u00e1tica Escuela Naval Militar recibi\u00f3 el t\u00edtulo de Heroica\u201d.<\/p>\n\n\n\n<p>En este acto c\u00edvico se cont\u00f3 con la participaci\u00f3n de la escolta y la banda de guerra del Sindicato \u00danico de Trabajadores al Servicio del Poder Legislativo (SUTSPL) y la asistencia del secretario general, Domingo Bahena Corbal\u00e1; la secretaria de Fiscalizaci\u00f3n, Alma Leticia Pati\u00f1o Gabriel; el secretario de Servicios Administrativos y Financieros, Alfredo Alberto Mart\u00ednez G\u00f3mez; el director de Recursos Humanos, Francisco Javier Ram\u00edrez Hern\u00e1ndez; la directora de Recursos Materiales y Servicios Generales, Ana Patricia Gonz\u00e1lez Bautista y la directora de Tesorer\u00eda, Iveth Mart\u00ednez Hern\u00e1ndez, as\u00ed como coordinadores, directores, jefes de departamento y personal administrativo de las diversas \u00e1reas del Congreso del Estado.<\/p>\n","protected":false},"excerpt":{"rendered":"<p>\u2022 El 21 de abril de 1914, militares y poblaci\u00f3n se unieron con valent\u00eda para enfrentar a la invasi\u00f3n norteamericana Xalapa, Ver., 21 de abril de 2025.- En la explanada del Palacio Legislativo y con un acto c\u00edvico, autoridades de la LXVII Legislatura conmemoraron el CXI aniversario de la gesta heroica de la defensa del [&hellip;]<\/p>\n","protected":false},"author":3,"featured_media":4133,"comment_status":"open","ping_status":"open","sticky":false,"template":"","format":"standard","meta":{"om_disable_all_campaigns":false,"_monsterinsights_skip_tracking":false,"_monsterinsights_sitenote_active":false,"_monsterinsights_sitenote_note":"","_monsterinsights_sitenote_category":0,"footnotes":""},"categories":[23,20],"tags":[],"class_list":{"0":"post-4130","1":"post","2":"type-post","3":"status-publish","4":"format-standard","5":"has-post-thumbnail","7":"category-destacada","8":"category-estatal"},"aioseo_notices":[],"_links":{"self":[{"href":"https:\/\/huatusconoticias.com\/portal\/wp-json\/wp\/v2\/posts\/4130","targetHints":{"allow":["GET"]}}],"collection":[{"href":"https:\/\/huatusconoticias.com\/portal\/wp-json\/wp\/v2\/posts"}],"about":[{"href":"https:\/\/huatusconoticias.com\/portal\/wp-json\/wp\/v2\/types\/post"}],"author":[{"embeddable":true,"href":"https:\/\/huatusconoticias.com\/portal\/wp-json\/wp\/v2\/users\/3"}],"replies":[{"embeddable":true,"href":"https:\/\/huatusconoticias.com\/portal\/wp-json\/wp\/v2\/comments?post=4130"}],"version-history":[{"count":1,"href":"https:\/\/huatusconoticias.com\/portal\/wp-json\/wp\/v2\/posts\/4130\/revisions"}],"predecessor-version":[{"id":4135,"href":"https:\/\/huatusconoticias.com\/portal\/wp-json\/wp\/v2\/posts\/4130\/revisions\/4135"}],"wp:featuredmedia":[{"embeddable":true,"href":"https:\/\/huatusconoticias.com\/portal\/wp-json\/wp\/v2\/media\/4133"}],"wp:attachment":[{"href":"https:\/\/huatusconoticias.com\/portal\/wp-json\/wp\/v2\/media?parent=4130"}],"wp:term":[{"taxonomy":"category","embeddable":true,"href":"https:\/\/huatusconoticias.com\/portal\/wp-json\/wp\/v2\/categories?post=4130"},{"taxonomy":"post_tag","embeddable":true,"href":"https:\/\/huatusconoticias.com\/portal\/wp-json\/wp\/v2\/tags?post=4130"}],"curies":[{"name":"wp","href":"https:\/\/api.w.org\/{rel}","templated":true}]}}