{"id":814,"date":"2023-09-26T12:53:07","date_gmt":"2023-09-26T18:53:07","guid":{"rendered":"https:\/\/huatusconoticias.com\/portal\/?p=814"},"modified":"2023-09-26T12:53:07","modified_gmt":"2023-09-26T18:53:07","slug":"directora-del-periodico-vanguardia-senalada-de-autora-intelectual-de-un-secuestro","status":"publish","type":"post","link":"https:\/\/huatusconoticias.com\/portal\/directora-del-periodico-vanguardia-senalada-de-autora-intelectual-de-un-secuestro\/","title":{"rendered":"Directora del Periodico Vanguardia, se\u00f1alada de autora intelectual de un secuestro"},"content":{"rendered":"\n<p>Obtiene FGE imputaci\u00f3n en contra de presunta autora intelectual del delito de secuestro agravado<\/p>\n\n\n\n<p>XALAPA, Ver; 24 de septiembre del 2023.-La Fiscal\u00eda General del Estado realiz\u00f3 imputaci\u00f3n en contra de Ivohone Patricia \u201cN\u201d como presunta responsable del delito de secuestro agravado, hechos suscitados en Poza Rica el pasado 3 de abril del presente a\u00f1o, en agravio de una v\u00edctima de identidad resguardada.<\/p>\n\n\n\n<p>A la ahora imputada, considerada presunta autora intelectual del delito de secuestro agravado, le fue cumplimentada orden de aprehensi\u00f3n por elementos de la Polic\u00eda Ministerial de Investigaci\u00f3n de la Fiscal\u00eda General del Estado de Veracruz, en colaboraci\u00f3n con la Procuradur\u00eda General de Justicia del Estado de Hidalgo, a trav\u00e9s de la Unidad Especializada en Combate al Secuestro y la coordinaci\u00f3n de la Unidad de Inteligencia del C5i de la Secretar\u00eda de Seguridad P\u00fablica de ese mismo Estado.<\/p>\n\n\n\n<p>En un comunicado del Periodico Vanguar, a los medios de comunicaci\u00f3n y la opini\u00f3n p\u00fablica, se\u00f1aland que Ivohone Patricia est\u00e1 en el penal de Pacho Viejo<br>en Coatepec, Veracruz a la espera de la audiencia que definir\u00e1 si queda<br>vinculada a proceso.<\/p>\n\n\n\n<p>Se le se\u00f1ala de ser la autora intelectual del Secuestro de un comunicador en Poza Rica, que presuntamente no quiso colaborar con su medio, situaci\u00f3n que se\u00f1alan como inconcruente y falsas las acusaciones.<\/p>\n\n\n\n<figure class=\"wp-block-image size-large\"><img fetchpriority=\"high\" decoding=\"async\" width=\"730\" height=\"1024\" src=\"https:\/\/huatusconoticias.com\/portal\/wp-content\/uploads\/2023\/09\/383848824_637687261857956_4365100201437797150_n-730x1024.jpg\" alt=\"\" class=\"wp-image-816\" srcset=\"https:\/\/huatusconoticias.com\/portal\/wp-content\/uploads\/2023\/09\/383848824_637687261857956_4365100201437797150_n-730x1024.jpg 730w, https:\/\/huatusconoticias.com\/portal\/wp-content\/uploads\/2023\/09\/383848824_637687261857956_4365100201437797150_n-214x300.jpg 214w, https:\/\/huatusconoticias.com\/portal\/wp-content\/uploads\/2023\/09\/383848824_637687261857956_4365100201437797150_n-768x1078.jpg 768w, https:\/\/huatusconoticias.com\/portal\/wp-content\/uploads\/2023\/09\/383848824_637687261857956_4365100201437797150_n-150x210.jpg 150w, https:\/\/huatusconoticias.com\/portal\/wp-content\/uploads\/2023\/09\/383848824_637687261857956_4365100201437797150_n-300x421.jpg 300w, https:\/\/huatusconoticias.com\/portal\/wp-content\/uploads\/2023\/09\/383848824_637687261857956_4365100201437797150_n-696x977.jpg 696w, https:\/\/huatusconoticias.com\/portal\/wp-content\/uploads\/2023\/09\/383848824_637687261857956_4365100201437797150_n.jpg 843w\" sizes=\"(max-width: 730px) 100vw, 730px\" \/><\/figure>\n\n\n\n<p>Respetando sus derechos humanos y el debido proceso, fue presentada en audiencia inicial ante el juez de control y de procedimiento penal oral, quien le impuso medida cautelar de prisi\u00f3n preventiva justificada por un a\u00f1o, dentro del Proceso Penal 406\/2023.<\/p>\n","protected":false},"excerpt":{"rendered":"<p>Obtiene FGE imputaci\u00f3n en contra de presunta autora intelectual del delito de secuestro agravado XALAPA, Ver; 24 de septiembre del 2023.-La Fiscal\u00eda General del Estado realiz\u00f3 imputaci\u00f3n en contra de Ivohone Patricia \u201cN\u201d como presunta responsable del delito de secuestro agravado, hechos suscitados en Poza Rica el pasado 3 de abril del presente a\u00f1o, en [&hellip;]<\/p>\n","protected":false},"author":3,"featured_media":815,"comment_status":"open","ping_status":"open","sticky":false,"template":"","format":"standard","meta":{"om_disable_all_campaigns":false,"_monsterinsights_skip_tracking":false,"_monsterinsights_sitenote_active":false,"_monsterinsights_sitenote_note":"","_monsterinsights_sitenote_category":0,"footnotes":""},"categories":[23,19],"tags":[206,204,27,205,203],"class_list":{"0":"post-814","1":"post","2":"type-post","3":"status-publish","4":"format-standard","5":"has-post-thumbnail","7":"category-destacada","8":"category-policiaca","9":"tag-fiscalia","10":"tag-ivohone-patricia","11":"tag-ssp","12":"tag-sssp","13":"tag-vanguardia-veracruz"},"aioseo_notices":[],"_links":{"self":[{"href":"https:\/\/huatusconoticias.com\/portal\/wp-json\/wp\/v2\/posts\/814","targetHints":{"allow":["GET"]}}],"collection":[{"href":"https:\/\/huatusconoticias.com\/portal\/wp-json\/wp\/v2\/posts"}],"about":[{"href":"https:\/\/huatusconoticias.com\/portal\/wp-json\/wp\/v2\/types\/post"}],"author":[{"embeddable":true,"href":"https:\/\/huatusconoticias.com\/portal\/wp-json\/wp\/v2\/users\/3"}],"replies":[{"embeddable":true,"href":"https:\/\/huatusconoticias.com\/portal\/wp-json\/wp\/v2\/comments?post=814"}],"version-history":[{"count":1,"href":"https:\/\/huatusconoticias.com\/portal\/wp-json\/wp\/v2\/posts\/814\/revisions"}],"predecessor-version":[{"id":817,"href":"https:\/\/huatusconoticias.com\/portal\/wp-json\/wp\/v2\/posts\/814\/revisions\/817"}],"wp:featuredmedia":[{"embeddable":true,"href":"https:\/\/huatusconoticias.com\/portal\/wp-json\/wp\/v2\/media\/815"}],"wp:attachment":[{"href":"https:\/\/huatusconoticias.com\/portal\/wp-json\/wp\/v2\/media?parent=814"}],"wp:term":[{"taxonomy":"category","embeddable":true,"href":"https:\/\/huatusconoticias.com\/portal\/wp-json\/wp\/v2\/categories?post=814"},{"taxonomy":"post_tag","embeddable":true,"href":"https:\/\/huatusconoticias.com\/portal\/wp-json\/wp\/v2\/tags?post=814"}],"curies":[{"name":"wp","href":"https:\/\/api.w.org\/{rel}","templated":true}]}}