{"id":948,"date":"2023-10-04T16:00:36","date_gmt":"2023-10-04T22:00:36","guid":{"rendered":"https:\/\/huatusconoticias.com\/portal\/?p=948"},"modified":"2023-11-05T16:02:27","modified_gmt":"2023-11-05T22:02:27","slug":"desde-el-senado-gloria-sanchez-encabeza-ferrea-lucha-por-los-derechos-del-pueblo-gomez-cazarin","status":"publish","type":"post","link":"https:\/\/huatusconoticias.com\/portal\/desde-el-senado-gloria-sanchez-encabeza-ferrea-lucha-por-los-derechos-del-pueblo-gomez-cazarin\/","title":{"rendered":"Desde el Senado, Gloria S\u00e1nchez encabeza f\u00e9rrea lucha por los derechos del pueblo: G\u00f3mez Cazar\u00edn"},"content":{"rendered":"\n<h2 class=\"wp-block-heading\">Frenar los abusos del sector privado nacional y extranjero en la explotaci\u00f3n de los recursos naturales abona a recuperar la rector\u00eda sobre nuestro patrimonio, le reconoci\u00f3 el L\u00edder de la JUCOPO<\/h2>\n\n\n\n<p>Veracruz, Veracruz, 7 de octubre de 2023.- La lucha social de la maestra Gloria S\u00e1nchez cobra frutos desde el Senado de la Rep\u00fablica, recinto donde ha impulsado acciones para recuperar la rector\u00eda y los derechos de los mexicanos sobre la exploraci\u00f3n y aprovechamiento de los recursos h\u00eddricos, energ\u00e9ticos y del subsuelo, le reconoci\u00f3 el diputado Juan Javier G\u00f3mez Cazar\u00edn, presidente de la Junta de Coordinaci\u00f3n Pol\u00edtica, del Congreso de Veracruz.<\/p>\n\n\n\n<p>\u00abGloria S\u00e1nchez es un \u00edcono en la lucha de la Cuarta Transformaci\u00f3n en el estado; por ello, es digna representante de nuestro movimiento y su quehacer en el Senado de la Rep\u00fablica ha impactado en la defensa de los derechos humanos y de los bienes de la naci\u00f3n y de los mexicanos\u00bb, destac\u00f3, al asistir al quinto informe de la Senadora.<\/p>\n\n\n\n<p>Roc\u00edo Nahle, dijo, no se equivoc\u00f3 en elegir a la maestra Gloria S\u00e1nchez como su compa\u00f1era de f\u00f3rmula rumbo al Senado hace cinco a\u00f1os, pues estamos bien representados.<\/p>\n\n\n\n<p>Juan Javier G\u00f3mez Cazar\u00edn coincidi\u00f3 con la secretaria de Energ\u00eda, Roc\u00edo Nahle Garc\u00eda, y con el gobernador Cuitl\u00e1huac Garc\u00eda Jim\u00e9nez al se\u00f1alar que Gloria S\u00e1nchez no s\u00f3lo es un ejemplo de dedicaci\u00f3n y compromiso con los objetivos de la Cuarta Transformaci\u00f3n y con el proyecto de naci\u00f3n enarbolado por el presidente Andr\u00e9s Manuel L\u00f3pez Obrador, a quien ha acompa\u00f1ado en la confirmaci\u00f3n de este gran Movimiento de Regeneraci\u00f3n Nacional.<\/p>\n\n\n\n<p>\u00abPero adem\u00e1s, ha formado a muchas personas en materia pol\u00edtica, inculcando lo trascendente de las pol\u00edticas p\u00fablicas impulsadas por la 4T y desde la izquierda mexicana, as\u00ed como desde las aulas, despertando conciencias y compromiso con el bienestar del pueblo\u00bb, destac\u00f3.<\/p>\n\n\n\n<p>En el Teatro Clavijero, de esta ciudad y puerto, retumb\u00f3 la frase del presidente Andr\u00e9s Manuel L\u00f3pez Obrador: \u2018Por el bien de M\u00e9xico, primero los pobres\u2019\u201d, as\u00ed se ha hecho desde el Senado y en los Congresos locales, como el de Veracruz\u00bb, refiri\u00f3&nbsp;G\u00f3mez&nbsp;Cazar\u00edn.<\/p>\n","protected":false},"excerpt":{"rendered":"<p>Frenar los abusos del sector privado nacional y extranjero en la explotaci\u00f3n de los recursos naturales abona a recuperar la rector\u00eda sobre nuestro patrimonio, le reconoci\u00f3 el L\u00edder de la JUCOPO Veracruz, Veracruz, 7 de octubre de 2023.- La lucha social de la maestra Gloria S\u00e1nchez cobra frutos desde el Senado de la Rep\u00fablica, recinto [&hellip;]<\/p>\n","protected":false},"author":3,"featured_media":949,"comment_status":"open","ping_status":"open","sticky":false,"template":"","format":"standard","meta":{"om_disable_all_campaigns":false,"_monsterinsights_skip_tracking":false,"_monsterinsights_sitenote_active":false,"_monsterinsights_sitenote_note":"","_monsterinsights_sitenote_category":0,"footnotes":""},"categories":[23,20],"tags":[36,28],"class_list":{"0":"post-948","1":"post","2":"type-post","3":"status-publish","4":"format-standard","5":"has-post-thumbnail","7":"category-destacada","8":"category-estatal","9":"tag-congreso","10":"tag-xalapa"},"aioseo_notices":[],"_links":{"self":[{"href":"https:\/\/huatusconoticias.com\/portal\/wp-json\/wp\/v2\/posts\/948","targetHints":{"allow":["GET"]}}],"collection":[{"href":"https:\/\/huatusconoticias.com\/portal\/wp-json\/wp\/v2\/posts"}],"about":[{"href":"https:\/\/huatusconoticias.com\/portal\/wp-json\/wp\/v2\/types\/post"}],"author":[{"embeddable":true,"href":"https:\/\/huatusconoticias.com\/portal\/wp-json\/wp\/v2\/users\/3"}],"replies":[{"embeddable":true,"href":"https:\/\/huatusconoticias.com\/portal\/wp-json\/wp\/v2\/comments?post=948"}],"version-history":[{"count":1,"href":"https:\/\/huatusconoticias.com\/portal\/wp-json\/wp\/v2\/posts\/948\/revisions"}],"predecessor-version":[{"id":950,"href":"https:\/\/huatusconoticias.com\/portal\/wp-json\/wp\/v2\/posts\/948\/revisions\/950"}],"wp:featuredmedia":[{"embeddable":true,"href":"https:\/\/huatusconoticias.com\/portal\/wp-json\/wp\/v2\/media\/949"}],"wp:attachment":[{"href":"https:\/\/huatusconoticias.com\/portal\/wp-json\/wp\/v2\/media?parent=948"}],"wp:term":[{"taxonomy":"category","embeddable":true,"href":"https:\/\/huatusconoticias.com\/portal\/wp-json\/wp\/v2\/categories?post=948"},{"taxonomy":"post_tag","embeddable":true,"href":"https:\/\/huatusconoticias.com\/portal\/wp-json\/wp\/v2\/tags?post=948"}],"curies":[{"name":"wp","href":"https:\/\/api.w.org\/{rel}","templated":true}]}}