{"id":985,"date":"2023-10-12T20:52:43","date_gmt":"2023-10-13T02:52:43","guid":{"rendered":"https:\/\/huatusconoticias.com\/portal\/?p=985"},"modified":"2023-11-05T20:54:05","modified_gmt":"2023-11-06T02:54:05","slug":"conmemora-congreso-de-veracruz-el-dia-de-la-nacion-pluricultural","status":"publish","type":"post","link":"https:\/\/huatusconoticias.com\/portal\/conmemora-congreso-de-veracruz-el-dia-de-la-nacion-pluricultural\/","title":{"rendered":"Conmemora Congreso de Veracruz el D\u00eda de la Naci\u00f3n Pluricultural"},"content":{"rendered":"\n<h2 class=\"wp-block-heading\">\u2022 Necesaria, una reflexi\u00f3n sobre el 12 de Octubre para dejar atr\u00e1s cualquier vestigio de colonialismo: Arhely Cuesta Briones.<\/h2>\n\n\n\n<p>Este 12 de octubre, el Congreso del Estado de Veracruz, por conducto del Centro de Estudios para la Igualdad de G\u00e9nero y los Derechos Humanos (CEIGDH) realiz\u00f3 un acto c\u00edvico para conmemorar el D\u00eda de la Naci\u00f3n Pluricultural.<\/p>\n\n\n\n<p>Tras los honores a la Bandera Nacional, la encargada del CEIGDH del Congreso, Arhely Cuesta Briones, consider\u00f3 como un deber del gobierno y de la sociedad hacer una revisi\u00f3n cr\u00edtica del significado de esta conmemoraci\u00f3n y dejar atr\u00e1s cualquier vestigio del colonialismo que fue impuesto hace m\u00e1s de 500 a\u00f1os.<\/p>\n\n\n\n<p>Asimismo, se pronunci\u00f3 por la generaci\u00f3n de nuevas ideas acordes con la pluralidad y diversidad que caracterizan a M\u00e9xico.<\/p>\n\n\n\n<p>Ante la presencia de la diputada Ana Miriam Ferr\u00e1ez Centeno y del secretario del Sindicato \u00danico de Trabajadores al Servicio del Poder Legislativo (SUTSPL), Jos\u00e9 de Jes\u00fas Rodr\u00edguez Hern\u00e1ndez, la servidora p\u00fablica record\u00f3 que el 18 de diciembre de 2020 fue publicado en el Diario Oficial de la Federaci\u00f3n el Decreto por el que se determina el 12 de octubre como el D\u00eda de la Naci\u00f3n Pluricultural, sustituyendo as\u00ed la denominaci\u00f3n de D\u00eda de la Raza.<\/p>\n\n\n\n<p>Manifest\u00f3 que la historia de Am\u00e9rica puede entenderse desde su reverso e interpretarse como una continua lucha entre la colonizaci\u00f3n y la descolonizaci\u00f3n, especialmente si el proyecto de la modernidad europea quiso imponer su modelo civilizatorio bajo un patr\u00f3n de dominaci\u00f3n y un complejo entramado de poder diversificado.<\/p>\n\n\n\n<p>Arhely Cuesta asever\u00f3 que la cultura de paz, como un nuevo paradigma de los procesos de transformaci\u00f3n de conflicto y construcci\u00f3n de ciudadan\u00eda, puede conducir a la reconciliaci\u00f3n social, \u201ca fin de que nuestros pueblos, hist\u00f3ricamente atropellados en su soberan\u00eda, puedan construir un horizonte nuevo donde puedan hacer las paces y reorientar su destino\u201d.<\/p>\n\n\n\n<p>La funcionaria del Poder Legislativo agreg\u00f3 que en todo el continente los ind\u00edgenas luchan por el reconocimiento de sus identidades y formas de vida, defienden sus territorios y recursos naturales. \u201cDe Chile a Canad\u00e1, pasando por Am\u00e9rica del Sur, Centroam\u00e9rica y M\u00e9xico, los indios levantan la voz para tomar en sus manos la historia, reinterpretarla y construir su presente\u201d.<\/p>\n\n\n\n<p>Por \u00faltimo, precis\u00f3 que, como un paso fundamental para lograr la reconciliaci\u00f3n nacional y el reconocimiento de los derechos de los pueblos ind\u00edgenas y afromexicanos, se ha planteado la necesidad de pedir perd\u00f3n a los pueblos ind\u00edgenas por todos los agravios e injusticias cometidas en el pasado, \u201ccomo ya lo hizo el Presidente de M\u00e9xico en el acto conmemorativo Justicia al Pueblo Yaqui: Petici\u00f3n de perd\u00f3n por agravios a los pueblos originarios\u00bb, el pasado 28 de septiembre de 2021, en V\u00edcam Pueblo, Territorio Yaqui\u201d.<\/p>\n","protected":false},"excerpt":{"rendered":"<p>\u2022 Necesaria, una reflexi\u00f3n sobre el 12 de Octubre para dejar atr\u00e1s cualquier vestigio de colonialismo: Arhely Cuesta Briones. Este 12 de octubre, el Congreso del Estado de Veracruz, por conducto del Centro de Estudios para la Igualdad de G\u00e9nero y los Derechos Humanos (CEIGDH) realiz\u00f3 un acto c\u00edvico para conmemorar el D\u00eda de la [&hellip;]<\/p>\n","protected":false},"author":3,"featured_media":986,"comment_status":"open","ping_status":"open","sticky":false,"template":"","format":"standard","meta":{"om_disable_all_campaigns":false,"_monsterinsights_skip_tracking":false,"_monsterinsights_sitenote_active":false,"_monsterinsights_sitenote_note":"","_monsterinsights_sitenote_category":0,"footnotes":""},"categories":[23,20],"tags":[36,28],"class_list":{"0":"post-985","1":"post","2":"type-post","3":"status-publish","4":"format-standard","5":"has-post-thumbnail","7":"category-destacada","8":"category-estatal","9":"tag-congreso","10":"tag-xalapa"},"aioseo_notices":[],"_links":{"self":[{"href":"https:\/\/huatusconoticias.com\/portal\/wp-json\/wp\/v2\/posts\/985","targetHints":{"allow":["GET"]}}],"collection":[{"href":"https:\/\/huatusconoticias.com\/portal\/wp-json\/wp\/v2\/posts"}],"about":[{"href":"https:\/\/huatusconoticias.com\/portal\/wp-json\/wp\/v2\/types\/post"}],"author":[{"embeddable":true,"href":"https:\/\/huatusconoticias.com\/portal\/wp-json\/wp\/v2\/users\/3"}],"replies":[{"embeddable":true,"href":"https:\/\/huatusconoticias.com\/portal\/wp-json\/wp\/v2\/comments?post=985"}],"version-history":[{"count":1,"href":"https:\/\/huatusconoticias.com\/portal\/wp-json\/wp\/v2\/posts\/985\/revisions"}],"predecessor-version":[{"id":987,"href":"https:\/\/huatusconoticias.com\/portal\/wp-json\/wp\/v2\/posts\/985\/revisions\/987"}],"wp:featuredmedia":[{"embeddable":true,"href":"https:\/\/huatusconoticias.com\/portal\/wp-json\/wp\/v2\/media\/986"}],"wp:attachment":[{"href":"https:\/\/huatusconoticias.com\/portal\/wp-json\/wp\/v2\/media?parent=985"}],"wp:term":[{"taxonomy":"category","embeddable":true,"href":"https:\/\/huatusconoticias.com\/portal\/wp-json\/wp\/v2\/categories?post=985"},{"taxonomy":"post_tag","embeddable":true,"href":"https:\/\/huatusconoticias.com\/portal\/wp-json\/wp\/v2\/tags?post=985"}],"curies":[{"name":"wp","href":"https:\/\/api.w.org\/{rel}","templated":true}]}}